{"id":2041,"date":"2022-11-04T11:11:17","date_gmt":"2022-11-04T10:11:17","guid":{"rendered":"https:\/\/tumasmuntane.com\/?p=2041"},"modified":"2026-04-05T12:20:31","modified_gmt":"2026-04-05T10:20:31","slug":"novetats-wordpress-6-1-misha","status":"publish","type":"post","link":"https:\/\/tumasmuntane.com\/ca\/novetats-wordpress-6-1-misha\/","title":{"rendered":"Les Novetats de WordPress 6.1 (Misha)"},"content":{"rendered":"<p>WordPress 6.1 \u00e9s la tercera versi\u00f3\u00a0des de principi d&#8217;any, darrere de la\u00a0primera <a href=\"https:\/\/tumasmuntane.com\/ca\/novetats-wordpress-5-9-josephine\/\">WordPress\u00a05.9\u00a0Josephine<\/a>, llan\u00e7ada el 25 de gener, i de la segona <a href=\"https:\/\/tumasmuntane.com\/ca\/novetats-wordpress-6-0-arturo\/\">WordPress 6.0\u00a0Arturo<\/a>, llan\u00e7ada el 24 de maig.<\/p>\n<p>WordPress, una de les plataformes de blogs de codi obert m\u00e9s populars del m\u00f3n, ha fet tot el possible per a reunir una gran quantitat de millores en el nucli de WordPress i l&#8217;editor de blocs.<\/p>\n<p>Vegem les m\u00e9s destacades.<\/p>\n<div id=\"ez-toc-container\" class=\"ez-toc-v2_0_82_2 counter-hierarchy ez-toc-counter ez-toc-grey ez-toc-container-direction\">\n<div class=\"ez-toc-title-container\">\n<p class=\"ez-toc-title ez-toc-toggle\" style=\"cursor:pointer\">Taula de continguts<\/p>\n<span class=\"ez-toc-title-toggle\"><a href=\"#\" class=\"ez-toc-pull-right ez-toc-btn ez-toc-btn-xs ez-toc-btn-default ez-toc-toggle\" aria-label=\"Toggle Table of Content\"><span class=\"ez-toc-js-icon-con\"><span class=\"\"><span class=\"eztoc-hide\" style=\"display:none;\">Toggle<\/span><span class=\"ez-toc-icon-toggle-span\"><svg style=\"fill: #999;color:#999\" xmlns=\"http:\/\/www.w3.org\/2000\/svg\" class=\"list-377408\" width=\"20px\" height=\"20px\" viewBox=\"0 0 24 24\" fill=\"none\"><path d=\"M6 6H4v2h2V6zm14 0H8v2h12V6zM4 11h2v2H4v-2zm16 0H8v2h12v-2zM4 16h2v2H4v-2zm16 0H8v2h12v-2z\" fill=\"currentColor\"><\/path><\/svg><svg style=\"fill: #999;color:#999\" class=\"arrow-unsorted-368013\" xmlns=\"http:\/\/www.w3.org\/2000\/svg\" width=\"10px\" height=\"10px\" viewBox=\"0 0 24 24\" version=\"1.2\" baseProfile=\"tiny\"><path d=\"M18.2 9.3l-6.2-6.3-6.2 6.3c-.2.2-.3.4-.3.7s.1.5.3.7c.2.2.4.3.7.3h11c.3 0 .5-.1.7-.3.2-.2.3-.5.3-.7s-.1-.5-.3-.7zM5.8 14.7l6.2 6.3 6.2-6.3c.2-.2.3-.5.3-.7s-.1-.5-.3-.7c-.2-.2-.4-.3-.7-.3h-11c-.3 0-.5.1-.7.3-.2.2-.3.5-.3.7s.1.5.3.7z\"\/><\/svg><\/span><\/span><\/span><\/a><\/span><\/div>\n<nav><ul class='ez-toc-list ez-toc-list-level-1 ' ><li class='ez-toc-page-1 ez-toc-heading-level-2'><a class=\"ez-toc-link ez-toc-heading-1\" href=\"https:\/\/tumasmuntane.com\/ca\/novetats-wordpress-6-1-misha\/#%f0%9f%8e%a8-twenty-twenty-three-un-nou-tema-predeterminat\" >\ud83c\udfa8 Twenty Twenty-Three: un nou tema predeterminat<\/a><\/li><li class='ez-toc-page-1 ez-toc-heading-level-2'><a class=\"ez-toc-link ez-toc-heading-2\" href=\"https:\/\/tumasmuntane.com\/ca\/novetats-wordpress-6-1-misha\/#%f0%9f%93%9d-mes-plantilles-per-a-editar-i-personalitzar\" >\ud83d\udcdd M\u00e9s plantilles per a editar i personalitzar<\/a><\/li><li class='ez-toc-page-1 ez-toc-heading-level-2'><a class=\"ez-toc-link ez-toc-heading-3\" href=\"https:\/\/tumasmuntane.com\/ca\/novetats-wordpress-6-1-misha\/#%f0%9f%a7%b1-major-funcionalitat-de-disseny-en-els-blocs\" >\ud83e\uddf1 Major funcionalitat de disseny en els blocs<\/a><\/li><li class='ez-toc-page-1 ez-toc-heading-level-2'><a class=\"ez-toc-link ez-toc-heading-4\" href=\"https:\/\/tumasmuntane.com\/ca\/novetats-wordpress-6-1-misha\/#%f0%9f%8d%94-menus-mes-facils-de-gestionar\" >\ud83c\udf54 Men\u00fas m\u00e9s f\u00e0cils de gestionar<\/a><\/li><li class='ez-toc-page-1 ez-toc-heading-level-2'><a class=\"ez-toc-link ez-toc-heading-5\" href=\"https:\/\/tumasmuntane.com\/ca\/novetats-wordpress-6-1-misha\/#%e2%8f%b0-millora-la-funcio-de-publicar-i-programar\" >\u23f0 Millora la funci\u00f3 de publicar i programar<\/a><\/li><li class='ez-toc-page-1 ez-toc-heading-level-2'><a class=\"ez-toc-link ez-toc-heading-6\" href=\"https:\/\/tumasmuntane.com\/ca\/novetats-wordpress-6-1-misha\/#%f0%9f%94%92-bloqueig-dels-blocs-interns-a-un-sol-clic\" >\ud83d\udd12 Bloqueig dels blocs interns a un sol clic<\/a><\/li><li class='ez-toc-page-1 ez-toc-heading-level-2'><a class=\"ez-toc-link ez-toc-heading-7\" href=\"https:\/\/tumasmuntane.com\/ca\/novetats-wordpress-6-1-misha\/#%f0%9f%a7%ad-marcadors-de-posicio-mes-complets\" >\ud83e\udded Marcadors de posici\u00f3 m\u00e9s complets<\/a><\/li><li class='ez-toc-page-1 ez-toc-heading-level-2'><a class=\"ez-toc-link ez-toc-heading-8\" href=\"https:\/\/tumasmuntane.com\/ca\/novetats-wordpress-6-1-misha\/#%f0%9f%aa%b6-blocs-de-llista-i-cites-mes-versatils\" >\ud83e\udeb6 Blocs de Llista i Cites m\u00e9s vers\u00e0tils<\/a><\/li><li class='ez-toc-page-1 ez-toc-heading-level-2'><a class=\"ez-toc-link ez-toc-heading-9\" href=\"https:\/\/tumasmuntane.com\/ca\/novetats-wordpress-6-1-misha\/#%f0%9f%86%8e-tipografia-fluida-que-millora-la-lectura\" >\ud83c\udd8e Tipografia fluida que millora la lectura<\/a><\/li><li class='ez-toc-page-1 ez-toc-heading-level-2'><a class=\"ez-toc-link ez-toc-heading-10\" href=\"https:\/\/tumasmuntane.com\/ca\/novetats-wordpress-6-1-misha\/#%f0%9f%9a%80-acces-mes-rapid-a-temes-de-blocs\" >\ud83d\ude80 Acc\u00e9s m\u00e9s r\u00e0pid a temes de blocs<\/a><\/li><li class='ez-toc-page-1 ez-toc-heading-level-2'><a class=\"ez-toc-link ez-toc-heading-11\" href=\"https:\/\/tumasmuntane.com\/ca\/novetats-wordpress-6-1-misha\/#%f0%9f%92%81%e2%80%8d%e2%99%82%ef%b8%8f-editor-de-llocs-adaptat-a-cada-usuari\" >\ud83d\udc81\u200d\u2642\ufe0f Editor de llocs adaptat a cada usuari<\/a><\/li><li class='ez-toc-page-1 ez-toc-heading-level-2'><a class=\"ez-toc-link ez-toc-heading-12\" href=\"https:\/\/tumasmuntane.com\/ca\/novetats-wordpress-6-1-misha\/#%f0%9f%93%8f-regles-css-en-un-mateix-lloc\" >\ud83d\udccf Regles CSS en un mateix lloc<\/a><\/li><li class='ez-toc-page-1 ez-toc-heading-level-2'><a class=\"ez-toc-link ez-toc-heading-13\" href=\"https:\/\/tumasmuntane.com\/ca\/novetats-wordpress-6-1-misha\/#%f0%9f%92%84-milloren-les-opcions-de-disseny\" >\ud83d\udc84 Milloren les opcions de disseny<\/a><\/li><li class='ez-toc-page-1 ez-toc-heading-level-2'><a class=\"ez-toc-link ez-toc-heading-14\" href=\"https:\/\/tumasmuntane.com\/ca\/novetats-wordpress-6-1-misha\/#%f0%9f%94%8d-bloqueig-dedicio-excepte-de-contingut\" >\ud83d\udd0d Bloqueig d&#8217;edici\u00f3 excepte de contingut<\/a><\/li><li class='ez-toc-page-1 ez-toc-heading-level-2'><a class=\"ez-toc-link ez-toc-heading-15\" href=\"https:\/\/tumasmuntane.com\/ca\/novetats-wordpress-6-1-misha\/#%f0%9f%93%88-mes-millores\" >\ud83d\udcc8 M\u00e9s millores<\/a><\/li><li class='ez-toc-page-1 ez-toc-heading-level-2'><a class=\"ez-toc-link ez-toc-heading-16\" href=\"https:\/\/tumasmuntane.com\/ca\/novetats-wordpress-6-1-misha\/#%f0%9f%93%8c-conclusions\" >\ud83d\udccc Conclusions<\/a><\/li><\/ul><\/nav><\/div>\n<h2><span class=\"ez-toc-section\" id=\"%f0%9f%8e%a8-twenty-twenty-three-un-nou-tema-predeterminat\"><\/span>\ud83c\udfa8 Twenty Twenty-Three: un nou tema predeterminat<span class=\"ez-toc-section-end\"><\/span><\/h2>\n<p>Twenty Twenty-Three cont\u00e9 <strong>10 estils \u00fanics<\/strong> que tenen com a objectiu assegurar que els usuaris tinguin la possibilitat d&#8217;aplicar una aparen\u00e7a diferent del seu lloc amb un sol clic, tot dins d&#8217;un sol tema.<\/p>\n<p><img decoding=\"async\" class=\"aligncenter\" src=\"https:\/\/i0.wp.com\/wordpress.org\/news\/files\/2022\/11\/Style-Variation-News-1.png?resize=2048%2C1201&amp;ssl=1\" alt=\"Nou tema predeterminat de WordPress, Twenty Twenty-Three\" width=\"2048\" height=\"1201\" \/><\/p>\n<h2><span class=\"ez-toc-section\" id=\"%f0%9f%93%9d-mes-plantilles-per-a-editar-i-personalitzar\"><\/span>\ud83d\udcdd M\u00e9s plantilles per a editar i personalitzar<span class=\"ez-toc-section-end\"><\/span><\/h2>\n<p>Incorpora <strong>noves plantilles<\/strong> que faciliten als creadors la personalitzaci\u00f3 i el control a l&#8217;hora de dissenyar els seus llocs web.<\/p>\n<p>A m\u00e9s de trobar plantilles per a articles o p\u00e0gines, tamb\u00e9 tens la possibilitat de crear i editar parts de la plantilla, com ara la cap\u00e7alera o el peu de p\u00e0gina.<\/p>\n<p>La nova eina de cerca de plantilles <strong>agilitza la personalitzaci\u00f3 i edici\u00f3<\/strong> del nou lloc.<\/p>\n<p><img decoding=\"async\" class=\"aligncenter\" src=\"https:\/\/i0.wp.com\/wordpress.org\/news\/files\/2022\/11\/Templates-News.png?resize=2048%2C1201&amp;ssl=1\" alt=\"Plantilles WordPress millorades\" width=\"2048\" height=\"1201\" \/><\/p>\n<h2><span class=\"ez-toc-section\" id=\"%f0%9f%a7%b1-major-funcionalitat-de-disseny-en-els-blocs\"><\/span>\ud83e\uddf1 Major funcionalitat de disseny en els blocs<span class=\"ez-toc-section-end\"><\/span><\/h2>\n<p>Es millora la <strong>funcionalitat dels elements de disseny<\/strong>, fent-los m\u00e9s complets i intu\u00eftius. Ara construir un nou lloc \u00e9s una experi\u00e8ncia m\u00e9s satisfact\u00f2ria, ja que es t\u00e9 major control en els blocs.<\/p>\n<p><img decoding=\"async\" class=\"aligncenter\" src=\"https:\/\/i0.wp.com\/wordpress.org\/news\/files\/2022\/11\/Design-Tools-News.png?resize=2048%2C1201&amp;ssl=1\" alt=\"Millores eines de disseny WordPress\" width=\"2048\" height=\"1201\" \/><\/p>\n<h2><span class=\"ez-toc-section\" id=\"%f0%9f%8d%94-menus-mes-facils-de-gestionar\"><\/span>\ud83c\udf54 Men\u00fas m\u00e9s f\u00e0cils de gestionar<span class=\"ez-toc-section-end\"><\/span><\/h2>\n<p>El men\u00fa del bloc de navegaci\u00f3 <strong>pot editar-se directament des d&#8217;un lloc<\/strong> dissenyat exclusivament per a la seva configuraci\u00f3. Tamb\u00e9 s&#8217;afegeixen noves caracter\u00edstiques en el men\u00fa de la versi\u00f3 m\u00f2bil, per exemple, opcions d&#8217;icones.<\/p>\n<p><img decoding=\"async\" class=\"aligncenter\" src=\"https:\/\/i0.wp.com\/wordpress.org\/news\/files\/2022\/11\/Navigation-1.png?resize=2048%2C1201&amp;ssl=1\" alt=\"Men\u00fas WordPress m\u00e9s f\u00e0cils de crear i administrar\" width=\"2048\" height=\"1201\" \/><\/p>\n<h2><span class=\"ez-toc-section\" id=\"%e2%8f%b0-millora-la-funcio-de-publicar-i-programar\"><\/span>\u23f0 Millora la funci\u00f3 de publicar i programar<span class=\"ez-toc-section-end\"><\/span><\/h2>\n<p>En aquesta nova versi\u00f3 WordPress 6.1 pots <strong>administrar les publicacions de manera m\u00e9s organitzada<\/strong>, i afegeix la configuraci\u00f3 de plantilles i programador.<\/p>\n<p><img decoding=\"async\" class=\"aligncenter\" src=\"https:\/\/i0.wp.com\/wordpress.org\/news\/files\/2022\/11\/Document-settings-News-1.png?resize=2048%2C1201&amp;ssl=1\" alt=\"Publicar i programar entrades WordPress de manera m\u00e9s f\u00e0cil\" width=\"2048\" height=\"1201\" \/><\/p>\n<h2><span class=\"ez-toc-section\" id=\"%f0%9f%94%92-bloqueig-dels-blocs-interns-a-un-sol-clic\"><\/span>\ud83d\udd12 Bloqueig dels blocs interns a un sol clic<span class=\"ez-toc-section-end\"><\/span><\/h2>\n<p>Ara pots seleccionar amb un sol clic tots els blocs d&#8217;un contenidor <strong>per a bloquejar-los<\/strong>.<\/p>\n<p><img decoding=\"async\" class=\"aligncenter\" src=\"https:\/\/i0.wp.com\/wordpress.org\/news\/files\/2022\/11\/Lock-News.png?resize=1024%2C601&amp;ssl=1\" alt=\"Configuraci\u00f3 de bloqueig per als blocs interns de WordPress\" width=\"1024\" height=\"601\" \/><\/p>\n<h2><span class=\"ez-toc-section\" id=\"%f0%9f%a7%ad-marcadors-de-posicio-mes-complets\"><\/span>\ud83e\udded Marcadors de posici\u00f3 m\u00e9s complets<span class=\"ez-toc-section-end\"><\/span><\/h2>\n<p>Es milloren els marcadors de posici\u00f3 permetent <strong>personalitzar-los amb m\u00e9s facilitat<\/strong>, d&#8217;aquesta manera, \u00e9s m\u00e9s f\u00e0cil dissenyar i personalitzar el lloc web.<\/p>\n<p>Per exemple, el bloc Imatge incorpora al seu marcador de posici\u00f3 les vores personalitzades i els filtres duoton.<\/p>\n<h2><span class=\"ez-toc-section\" id=\"%f0%9f%aa%b6-blocs-de-llista-i-cites-mes-versatils\"><\/span>\ud83e\udeb6 Blocs de Llista i Cites m\u00e9s vers\u00e0tils<span class=\"ez-toc-section-end\"><\/span><\/h2>\n<p>Ara, tant el bloc de Llista com el de Cita <strong>permeten blocs interns<\/strong>, aix\u00f2 \u00e9s de gran utilitat perqu\u00e8 facilita una composici\u00f3 m\u00e9s vers\u00e0til, per exemple, pots afegir un encap\u00e7alat dins del bloc.<\/p>\n<h2><span class=\"ez-toc-section\" id=\"%f0%9f%86%8e-tipografia-fluida-que-millora-la-lectura\"><\/span>\ud83c\udd8e Tipografia fluida que millora la lectura<span class=\"ez-toc-section-end\"><\/span><\/h2>\n<p>La <strong>tipografia fluida<\/strong> t\u00e9 com a funci\u00f3 facilitar la lectura del text, permetent <strong>adaptar la grand\u00e0ria de la font<\/strong> a les diferents grand\u00e0ries de pantalla.<\/p>\n<h2><span class=\"ez-toc-section\" id=\"%f0%9f%9a%80-acces-mes-rapid-a-temes-de-blocs\"><\/span>\ud83d\ude80 Acc\u00e9s m\u00e9s r\u00e0pid a temes de blocs<span class=\"ez-toc-section-end\"><\/span><\/h2>\n<p>El directori de temes incorpora un <strong>filtre per a seleccionar els temes de bloc<\/strong>, a trav\u00e9s d&#8217;una vista pr\u00e8via de patrons pots visualitzar com es veuria el tema segons els diferents temes i patrons.<\/p>\n<h2><span class=\"ez-toc-section\" id=\"%f0%9f%92%81%e2%80%8d%e2%99%82%ef%b8%8f-editor-de-llocs-adaptat-a-cada-usuari\"><\/span>\ud83d\udc81\u200d\u2642\ufe0f Editor de llocs adaptat a cada usuari<span class=\"ez-toc-section-end\"><\/span><\/h2>\n<p>Cada usuari <strong>conservar\u00e0 la seva configuraci\u00f3 de l&#8217;Editor<\/strong>, independentment dels navegadors i dispositius que utilitzi.<\/p>\n<h2><span class=\"ez-toc-section\" id=\"%f0%9f%93%8f-regles-css-en-un-mateix-lloc\"><\/span>\ud83d\udccf Regles CSS en un mateix lloc<span class=\"ez-toc-section-end\"><\/span><\/h2>\n<p>Els sistemes d&#8217;estil estan <strong>concentrats en un mateix lloc<\/strong>, d&#8217;aquesta manera, redueixes el temps dedicat a tasques espec\u00edfiques de disseny i a generar noms de classe sem\u00e0ntics.<\/p>\n<h2><span class=\"ez-toc-section\" id=\"%f0%9f%92%84-milloren-les-opcions-de-disseny\"><\/span>\ud83d\udc84 Milloren les opcions de disseny<span class=\"ez-toc-section-end\"><\/span><\/h2>\n<p>Ara pots <strong>anul\u00b7lar les dimensions de contingut predeterminades<\/strong> des de la barra lateral d&#8217;estils, proporcionant un major control sobre l&#8217;ample complet.<\/p>\n<h2><span class=\"ez-toc-section\" id=\"%f0%9f%94%8d-bloqueig-dedicio-excepte-de-contingut\"><\/span>\ud83d\udd0d Bloqueig d&#8217;edici\u00f3 excepte de contingut<span class=\"ez-toc-section-end\"><\/span><\/h2>\n<p>Pots configurar l&#8217;<strong>edici\u00f3 nom\u00e9s de contingut<\/strong>, perqu\u00e8 els redactors no puguin modificar els dissenys dels blocs o contenidors. D&#8217;aquesta manera, tots els elements de disseny s\u00f3n invisibles i no poden editar-se, perqu\u00e8 els escriptors se centrin nom\u00e9s en el contingut.<\/p>\n<h2><span class=\"ez-toc-section\" id=\"%f0%9f%93%88-mes-millores\"><\/span>\ud83d\udcc8 M\u00e9s millores<span class=\"ez-toc-section-end\"><\/span><\/h2>\n<ul>\n<li>Nueva funci\u00f3n de <strong>tiempo de lectura<\/strong> para mostrar el valor aproximado que se tarda en leer una p\u00e1gina o publicaci\u00f3n.<\/li>\n<li>Aunque de forma predeterminada el eslogan del sitio est\u00e1 vac\u00edo ahora <strong>puedes modificarlo desde la configuraci\u00f3n general<\/strong>.<\/li>\n<li>Un nuevo <strong>efecto de desenfoque<\/strong> de fondo ayuda a concentrarse en la tarea que est\u00e1s realizando.<\/li>\n<\/ul>\n<h2><span class=\"ez-toc-section\" id=\"%f0%9f%93%8c-conclusions\"><\/span>\ud83d\udccc Conclusions<span class=\"ez-toc-section-end\"><\/span><\/h2>\n<p>L&#8217;\u00faltima versi\u00f3 de WordPress 6.1 \u00e9s una actualitzaci\u00f3 important que canviar\u00e0 la forma en qu\u00e8 creguem contingut i dissenyem el nostre lloc web. La nova actualitzaci\u00f3 ens permet <strong>crear contingut enriquit d&#8217;una forma completament nova<\/strong>.<\/p>\n<p>Aix\u00f2 significa que podem crear publicacions, p\u00e0gines i fins i tot llocs web complets i \u00fanics des de zero <strong>sense coneixements de codificaci\u00f3<\/strong>.<\/p>\n<p>Ha estat dissenyat per a ser <strong>m\u00e9s intu\u00eftiu i f\u00e0cil de fer servir<\/strong> que la versi\u00f3 anterior, per la qual cosa hauria de ser m\u00e9s f\u00e0cil tant per a principiants com per a usuaris experimentats.<\/p>\n","protected":false},"excerpt":{"rendered":"<p>WordPress 6.1 \u00e9s la tercera versi\u00f3\u00a0des de principi d&#8217;any, darrere de la\u00a0primera WordPress\u00a05.9\u00a0Josephine, llan\u00e7ada el 25 de gener, i de la segona WordPress 6.0\u00a0Arturo, llan\u00e7ada el 24 de maig. WordPress, una de les plataformes de blogs de codi obert m\u00e9s populars del m\u00f3n, ha fet tot el possible per a reunir una gran quantitat de [&hellip;]<\/p>\n","protected":false},"author":81,"featured_media":2040,"comment_status":"closed","ping_status":"open","sticky":false,"template":"","format":"standard","meta":{"_acf_changed":false,"_seopress_robots_primary_cat":"1","_seopress_titles_title":"\ud83d\udce2 Les Novetats de WordPress 6.1 (Misha)","_seopress_titles_desc":"Descobreix les novetats de l&#039;\u00faltima versi\u00f3 de WordPress 6.1 perqu\u00e8 canvia la forma en qu\u00e8 creem contingut i dissenyem el nostre lloc web.","_seopress_robots_index":"","footnotes":""},"categories":[1],"tags":[],"class_list":["post-2041","post","type-post","status-publish","format-standard","has-post-thumbnail","hentry","category-wordpress"],"acf":[],"_links":{"self":[{"href":"https:\/\/tumasmuntane.com\/ca\/wp-json\/wp\/v2\/posts\/2041","targetHints":{"allow":["GET"]}}],"collection":[{"href":"https:\/\/tumasmuntane.com\/ca\/wp-json\/wp\/v2\/posts"}],"about":[{"href":"https:\/\/tumasmuntane.com\/ca\/wp-json\/wp\/v2\/types\/post"}],"author":[{"embeddable":true,"href":"https:\/\/tumasmuntane.com\/ca\/wp-json\/wp\/v2\/users\/81"}],"replies":[{"embeddable":true,"href":"https:\/\/tumasmuntane.com\/ca\/wp-json\/wp\/v2\/comments?post=2041"}],"version-history":[{"count":3,"href":"https:\/\/tumasmuntane.com\/ca\/wp-json\/wp\/v2\/posts\/2041\/revisions"}],"predecessor-version":[{"id":3232,"href":"https:\/\/tumasmuntane.com\/ca\/wp-json\/wp\/v2\/posts\/2041\/revisions\/3232"}],"wp:featuredmedia":[{"embeddable":true,"href":"https:\/\/tumasmuntane.com\/ca\/wp-json\/wp\/v2\/media\/2040"}],"wp:attachment":[{"href":"https:\/\/tumasmuntane.com\/ca\/wp-json\/wp\/v2\/media?parent=2041"}],"wp:term":[{"taxonomy":"category","embeddable":true,"href":"https:\/\/tumasmuntane.com\/ca\/wp-json\/wp\/v2\/categories?post=2041"},{"taxonomy":"post_tag","embeddable":true,"href":"https:\/\/tumasmuntane.com\/ca\/wp-json\/wp\/v2\/tags?post=2041"}],"curies":[{"name":"wp","href":"https:\/\/api.w.org\/{rel}","templated":true}]}}